{"id":219,"date":"2014-04-27T16:10:00","date_gmt":"2014-04-27T14:10:00","guid":{"rendered":"http:\/\/josefinenilsson.se\/?p=219"},"modified":"2023-05-01T22:23:00","modified_gmt":"2023-05-01T20:23:00","slug":"har-bor-jag","status":"publish","type":"post","link":"https:\/\/josefinenilsson.se\/?p=219","title":{"rendered":"H\u00e4r bor jag"},"content":{"rendered":"\n<p>T\u00e4nkte att det kanske var n\u00e5gon som var intresserad av hur vi bor h\u00e4r p\u00e5 campus s\u00e5 d\u00e4rf\u00f6r t\u00e4nkte jag l\u00e4gga upp lite bilder.<\/p>\n\n\n\n<figure class=\"wp-block-image size-large\"><img loading=\"lazy\" decoding=\"async\" width=\"1024\" height=\"683\" src=\"http:\/\/josefinenilsson.se\/wp-content\/uploads\/2023\/05\/MG_6928-1024x683.jpg\" alt=\"\" class=\"wp-image-220\" srcset=\"https:\/\/josefinenilsson.se\/wp-content\/uploads\/2023\/05\/MG_6928-1024x683.jpg 1024w, https:\/\/josefinenilsson.se\/wp-content\/uploads\/2023\/05\/MG_6928-300x200.jpg 300w, https:\/\/josefinenilsson.se\/wp-content\/uploads\/2023\/05\/MG_6928-768x512.jpg 768w, https:\/\/josefinenilsson.se\/wp-content\/uploads\/2023\/05\/MG_6928-1536x1024.jpg 1536w, https:\/\/josefinenilsson.se\/wp-content\/uploads\/2023\/05\/MG_6928-2048x1365.jpg 2048w\" sizes=\"auto, (max-width: 1024px) 100vw, 1024px\" \/><\/figure>\n\n\n\n<p>Vi b\u00f6rjar med mitt rum, som best\u00e5r av en s\u00e4ng som \u00e4r halvt trasig ett skrivbord som jag knappt f\u00e5r under benen p\u00e5, tv\u00e5 stycken garderober varav en med glasd\u00f6rr. tv\u00e5 nattduksbord, \u00e4ven om det bara f\u00e5r plats ett vid s\u00e4ngen. Sen har jag \u00e4ven en balkong som man f\u00e5r v\u00e4ldigt smutsiga f\u00f6tter om man g\u00e5r ut p\u00e5. Sen f\u00e5r vi inte gl\u00f6mma min v\u00e4rmev\u00e4xlare som g\u00f6r att man kan f\u00e5 ca 30 grader i rummet, vilket \u00e4r smidigt om man fryser eller m\u00e5ste torka tv\u00e4tt.<\/p>\n\n\n\n<figure class=\"wp-block-image size-large\"><img loading=\"lazy\" decoding=\"async\" width=\"1024\" height=\"683\" src=\"http:\/\/josefinenilsson.se\/wp-content\/uploads\/2023\/05\/MG_6930-1024x683.jpg\" alt=\"\" class=\"wp-image-221\" srcset=\"https:\/\/josefinenilsson.se\/wp-content\/uploads\/2023\/05\/MG_6930-1024x683.jpg 1024w, https:\/\/josefinenilsson.se\/wp-content\/uploads\/2023\/05\/MG_6930-300x200.jpg 300w, https:\/\/josefinenilsson.se\/wp-content\/uploads\/2023\/05\/MG_6930-768x512.jpg 768w, https:\/\/josefinenilsson.se\/wp-content\/uploads\/2023\/05\/MG_6930-1536x1024.jpg 1536w, https:\/\/josefinenilsson.se\/wp-content\/uploads\/2023\/05\/MG_6930-2048x1365.jpg 2048w\" sizes=\"auto, (max-width: 1024px) 100vw, 1024px\" \/><\/figure>\n\n\n\n<p>Sen har vi min och Linn\u00e9as toalett, som best\u00e5r av en toalett som man inte f\u00e5r spola ner toalettpapper i (tror vi i alla fall s\u00e5 vi g\u00f6r det inte) utan toalettpappret sl\u00e4nger vi i en papperskorg, det tog ett tag att v\u00e4nja sig men nu funkar det bra. Sen har vi \u00e4ven en dusch, som \u00e4r ett halvt badkar med en pall liknande avsatts som man kan sitta om man till exempel vill tv\u00e4tta f\u00f6tterna. Vi har \u00e4ven en tv\u00e4ttmaskin, som lever sitt egna liv s\u00e5 ibland centrifugeras tv\u00e4tten och ibland inte, vi har dock tagit reda p\u00e5 vilket som \u00e4r bara centrufugering s\u00e5 nu l\u00f6ser vi det \u00e4ven om den br\u00e5kar med oss men f\u00f6rsta g\u00e5ngen Linn\u00e9a tv\u00e4ttade var tv\u00e4tten v\u00e4ldigt bl\u00f6t.<\/p>\n\n\n\n<figure class=\"wp-block-image size-large\"><img loading=\"lazy\" decoding=\"async\" width=\"1024\" height=\"683\" src=\"http:\/\/josefinenilsson.se\/wp-content\/uploads\/2023\/05\/MG_6929-1024x683.jpg\" alt=\"\" class=\"wp-image-222\" srcset=\"https:\/\/josefinenilsson.se\/wp-content\/uploads\/2023\/05\/MG_6929-1024x683.jpg 1024w, https:\/\/josefinenilsson.se\/wp-content\/uploads\/2023\/05\/MG_6929-300x200.jpg 300w, https:\/\/josefinenilsson.se\/wp-content\/uploads\/2023\/05\/MG_6929-768x512.jpg 768w, https:\/\/josefinenilsson.se\/wp-content\/uploads\/2023\/05\/MG_6929-1536x1024.jpg 1536w, https:\/\/josefinenilsson.se\/wp-content\/uploads\/2023\/05\/MG_6929-2048x1365.jpg 2048w\" sizes=\"auto, (max-width: 1024px) 100vw, 1024px\" \/><\/figure>\n\n\n\n<p>Sen har vi v\u00e5rt k\u00f6k, \u00e4r inte h\u00e4r inne s\u00e5 mycket det enda jag kan s\u00e4ga om v\u00e5rt k\u00f6k \u00e4r att det l\u00e4cker fr\u00e5n vasken s\u00e5 det blir v\u00e4ldigt bl\u00f6tt p\u00e5 golvet om man diskar.<\/p>\n\n\n\n<figure class=\"wp-block-gallery alignwide has-nested-images columns-default is-cropped wp-block-gallery-1 is-layout-flex wp-block-gallery-is-layout-flex\">\n<figure class=\"wp-block-image size-large\"><img loading=\"lazy\" decoding=\"async\" width=\"1024\" height=\"683\" data-id=\"224\" src=\"http:\/\/josefinenilsson.se\/wp-content\/uploads\/2023\/05\/MG_6931-1024x683.jpg\" alt=\"\" class=\"wp-image-224\" srcset=\"https:\/\/josefinenilsson.se\/wp-content\/uploads\/2023\/05\/MG_6931-1024x683.jpg 1024w, https:\/\/josefinenilsson.se\/wp-content\/uploads\/2023\/05\/MG_6931-300x200.jpg 300w, https:\/\/josefinenilsson.se\/wp-content\/uploads\/2023\/05\/MG_6931-768x512.jpg 768w, https:\/\/josefinenilsson.se\/wp-content\/uploads\/2023\/05\/MG_6931-1536x1024.jpg 1536w, https:\/\/josefinenilsson.se\/wp-content\/uploads\/2023\/05\/MG_6931-2048x1365.jpg 2048w\" sizes=\"auto, (max-width: 1024px) 100vw, 1024px\" \/><\/figure>\n\n\n\n<figure class=\"wp-block-image size-large\"><img loading=\"lazy\" decoding=\"async\" width=\"1024\" height=\"683\" data-id=\"223\" src=\"http:\/\/josefinenilsson.se\/wp-content\/uploads\/2023\/05\/MG_6932-1024x683.jpg\" alt=\"\" class=\"wp-image-223\" srcset=\"https:\/\/josefinenilsson.se\/wp-content\/uploads\/2023\/05\/MG_6932-1024x683.jpg 1024w, https:\/\/josefinenilsson.se\/wp-content\/uploads\/2023\/05\/MG_6932-300x200.jpg 300w, https:\/\/josefinenilsson.se\/wp-content\/uploads\/2023\/05\/MG_6932-768x512.jpg 768w, https:\/\/josefinenilsson.se\/wp-content\/uploads\/2023\/05\/MG_6932-1536x1024.jpg 1536w, https:\/\/josefinenilsson.se\/wp-content\/uploads\/2023\/05\/MG_6932-2048x1365.jpg 2048w\" sizes=\"auto, (max-width: 1024px) 100vw, 1024px\" \/><\/figure>\n<\/figure>\n\n\n\n<p>V\u00e5rt vardagsrum \u00e4r ett rum med en tr\u00e4soffa, ett pyttelitet soffbord, en gigantisk tv som vi st\u00e4llde ner p\u00e5 golvet. Tv-b\u00e4nken som numera fungera som microst\u00e4ll och f\u00f6rvaring, v\u00e5rt kylsk\u00e5p samt k\u00f6ksbord med stolar.<\/p>\n\n\n\n<figure class=\"wp-block-image size-large\"><img loading=\"lazy\" decoding=\"async\" width=\"1024\" height=\"683\" src=\"http:\/\/josefinenilsson.se\/wp-content\/uploads\/2023\/05\/MG_6934-1024x683.jpg\" alt=\"\" class=\"wp-image-225\" srcset=\"https:\/\/josefinenilsson.se\/wp-content\/uploads\/2023\/05\/MG_6934-1024x683.jpg 1024w, https:\/\/josefinenilsson.se\/wp-content\/uploads\/2023\/05\/MG_6934-300x200.jpg 300w, https:\/\/josefinenilsson.se\/wp-content\/uploads\/2023\/05\/MG_6934-768x512.jpg 768w, https:\/\/josefinenilsson.se\/wp-content\/uploads\/2023\/05\/MG_6934-1536x1024.jpg 1536w, https:\/\/josefinenilsson.se\/wp-content\/uploads\/2023\/05\/MG_6934-2048x1365.jpg 2048w\" sizes=\"auto, (max-width: 1024px) 100vw, 1024px\" \/><\/figure>\n\n\n\n<p>Till sist har vi v\u00e5r hall och v\u00e5r d\u00f6rr som inte g\u00e5r att st\u00e4nga utifr\u00e5n utan att sm\u00e4lla igen den s\u00e5 det l\u00e5ter som hela d\u00f6rren ska g\u00e5 s\u00f6nder typ. Vi har \u00e4ven ett litet skosk\u00e5p, ett doftljus som \u00e4r k\u00f6pt p\u00e5 IKEA och n\u00e5gon annan doftsak ocks\u00e5 k\u00f6pt p\u00e5 IKEA och min lilla v\u00e4xt som jag k\u00f6pte p\u00e5 walmart f\u00f6r 7 yuan.<\/p>\n\n\n\n<p>F\u00f6r er som undrar vad det \u00e4r f\u00f6r plast p\u00e5 en av stolarna s\u00e5 \u00e4r det mina tv\u00e4ttlinor gjorda av Walmart plastp\u00e5sar.<\/p>\n","protected":false},"excerpt":{"rendered":"<p>T\u00e4nkte att det kanske var n\u00e5gon som var intresserad av hur vi bor h\u00e4r p\u00e5 campus s\u00e5 d\u00e4rf\u00f6r t\u00e4nkte jag l\u00e4gga upp lite bilder. Vi b\u00f6rjar med mitt rum, som best\u00e5r av en s\u00e4ng som \u00e4r halvt trasig ett skrivbord som jag knappt f\u00e5r under benen p\u00e5, tv\u00e5 stycken garderober varav en med glasd\u00f6rr. tv\u00e5 [&hellip;]<\/p>\n","protected":false},"author":1,"featured_media":220,"comment_status":"open","ping_status":"open","sticky":false,"template":"","format":"standard","meta":{"footnotes":""},"categories":[4],"tags":[5],"class_list":["post-219","post","type-post","status-publish","format-standard","has-post-thumbnail","hentry","category-resor","tag-kinaresan2014"],"_links":{"self":[{"href":"https:\/\/josefinenilsson.se\/index.php?rest_route=\/wp\/v2\/posts\/219","targetHints":{"allow":["GET"]}}],"collection":[{"href":"https:\/\/josefinenilsson.se\/index.php?rest_route=\/wp\/v2\/posts"}],"about":[{"href":"https:\/\/josefinenilsson.se\/index.php?rest_route=\/wp\/v2\/types\/post"}],"author":[{"embeddable":true,"href":"https:\/\/josefinenilsson.se\/index.php?rest_route=\/wp\/v2\/users\/1"}],"replies":[{"embeddable":true,"href":"https:\/\/josefinenilsson.se\/index.php?rest_route=%2Fwp%2Fv2%2Fcomments&post=219"}],"version-history":[{"count":2,"href":"https:\/\/josefinenilsson.se\/index.php?rest_route=\/wp\/v2\/posts\/219\/revisions"}],"predecessor-version":[{"id":227,"href":"https:\/\/josefinenilsson.se\/index.php?rest_route=\/wp\/v2\/posts\/219\/revisions\/227"}],"wp:featuredmedia":[{"embeddable":true,"href":"https:\/\/josefinenilsson.se\/index.php?rest_route=\/wp\/v2\/media\/220"}],"wp:attachment":[{"href":"https:\/\/josefinenilsson.se\/index.php?rest_route=%2Fwp%2Fv2%2Fmedia&parent=219"}],"wp:term":[{"taxonomy":"category","embeddable":true,"href":"https:\/\/josefinenilsson.se\/index.php?rest_route=%2Fwp%2Fv2%2Fcategories&post=219"},{"taxonomy":"post_tag","embeddable":true,"href":"https:\/\/josefinenilsson.se\/index.php?rest_route=%2Fwp%2Fv2%2Ftags&post=219"}],"curies":[{"name":"wp","href":"https:\/\/api.w.org\/{rel}","templated":true}]}}