{"id":152,"date":"2014-04-20T09:49:00","date_gmt":"2014-04-20T07:49:00","guid":{"rendered":"http:\/\/josefinenilsson.se\/?p=152"},"modified":"2023-05-01T16:00:28","modified_gmt":"2023-05-01T14:00:28","slug":"ikea-ningbo","status":"publish","type":"post","link":"https:\/\/josefinenilsson.se\/?p=152","title":{"rendered":"IKEA Ningbo"},"content":{"rendered":"\n<p>Ig\u00e5r var vi p\u00e5 IKEA h\u00e4r i Ningbo, vissa hade lite problem med taxiresan dit men v\u00e5r gick utan problem. V\u00e4l inne p\u00e5 IKEA s\u00e5 tog vi varsin varmkorv med br\u00f6d innan vi b\u00f6rjade unders\u00f6ka vad de hade f\u00f6r svensk mat d\u00e4r.<\/p>\n\n\n\n<figure class=\"wp-block-image size-large is-resized\"><img loading=\"lazy\" decoding=\"async\" src=\"http:\/\/josefinenilsson.se\/wp-content\/uploads\/2023\/05\/IMG_20140419_114450-683x1024.jpg\" alt=\"\" class=\"wp-image-153\" width=\"318\" height=\"476\" srcset=\"https:\/\/josefinenilsson.se\/wp-content\/uploads\/2023\/05\/IMG_20140419_114450-683x1024.jpg 683w, https:\/\/josefinenilsson.se\/wp-content\/uploads\/2023\/05\/IMG_20140419_114450-200x300.jpg 200w, https:\/\/josefinenilsson.se\/wp-content\/uploads\/2023\/05\/IMG_20140419_114450-768x1152.jpg 768w, https:\/\/josefinenilsson.se\/wp-content\/uploads\/2023\/05\/IMG_20140419_114450-1024x1536.jpg 1024w, https:\/\/josefinenilsson.se\/wp-content\/uploads\/2023\/05\/IMG_20140419_114450-1365x2048.jpg 1365w, https:\/\/josefinenilsson.se\/wp-content\/uploads\/2023\/05\/IMG_20140419_114450-scaled.jpg 1707w\" sizes=\"auto, (max-width: 318px) 100vw, 318px\" \/><\/figure>\n\n\n\n<p><br>Efter en stund kom \u00e4ven n\u00e5gra andra av v\u00e5ra kompisar dit och vi gick till restaurangen f\u00f6r att svensk mat, supergott var det. Sedan gick vi \u00e4ven en runda p\u00e5 IKEA som s\u00e5g precis likadant ut som i J\u00f6nk\u00f6ping f\u00f6rutom att det var kinesiska tecken \u00f6verallt. Passade \u00e4ven p\u00e5 att k\u00f6pa lite sm\u00e5saker till v\u00e5ra l\u00e4genheter h\u00e4r p\u00e5 campus. F\u00e5r inte gl\u00f6mma att n\u00e4mna att vi \u00e4ven k\u00f6pte med oss lite svenska matvaror och svenskt godis.<br><img decoding=\"async\" src=\"https:\/\/web.archive.org\/web\/20210508105256im_\/http:\/\/josefinenilsson.se\/content\/images\/2014\/Apr\/IMG_2047.JPG\" alt=\"\"><img decoding=\"async\" src=\"https:\/\/web.archive.org\/web\/20210508105256im_\/http:\/\/josefinenilsson.se\/content\/images\/2014\/Apr\/IMG_2045.JPG\" alt=\"\"><img decoding=\"async\" src=\"https:\/\/web.archive.org\/web\/20210508105256im_\/http:\/\/josefinenilsson.se\/content\/images\/2014\/Apr\/IMG_2043.JPG\" alt=\"\"><\/p>\n\n\n\n<figure class=\"wp-block-gallery has-nested-images columns-default is-cropped wp-block-gallery-1 is-layout-flex wp-block-gallery-is-layout-flex\">\n<figure class=\"wp-block-image size-large\"><img loading=\"lazy\" decoding=\"async\" width=\"1024\" height=\"768\" data-id=\"155\" src=\"http:\/\/josefinenilsson.se\/wp-content\/uploads\/2023\/05\/IMG_2043-1024x768.jpg\" alt=\"\" class=\"wp-image-155\" srcset=\"https:\/\/josefinenilsson.se\/wp-content\/uploads\/2023\/05\/IMG_2043-1024x768.jpg 1024w, https:\/\/josefinenilsson.se\/wp-content\/uploads\/2023\/05\/IMG_2043-300x225.jpg 300w, https:\/\/josefinenilsson.se\/wp-content\/uploads\/2023\/05\/IMG_2043-768x576.jpg 768w, https:\/\/josefinenilsson.se\/wp-content\/uploads\/2023\/05\/IMG_2043-1536x1152.jpg 1536w, https:\/\/josefinenilsson.se\/wp-content\/uploads\/2023\/05\/IMG_2043-2048x1536.jpg 2048w\" sizes=\"auto, (max-width: 1024px) 100vw, 1024px\" \/><\/figure>\n\n\n\n<figure class=\"wp-block-image size-large\"><img loading=\"lazy\" decoding=\"async\" width=\"1024\" height=\"768\" data-id=\"156\" src=\"http:\/\/josefinenilsson.se\/wp-content\/uploads\/2023\/05\/IMG_2045-1024x768.jpg\" alt=\"\" class=\"wp-image-156\" srcset=\"https:\/\/josefinenilsson.se\/wp-content\/uploads\/2023\/05\/IMG_2045-1024x768.jpg 1024w, https:\/\/josefinenilsson.se\/wp-content\/uploads\/2023\/05\/IMG_2045-300x225.jpg 300w, https:\/\/josefinenilsson.se\/wp-content\/uploads\/2023\/05\/IMG_2045-768x576.jpg 768w, https:\/\/josefinenilsson.se\/wp-content\/uploads\/2023\/05\/IMG_2045-1536x1152.jpg 1536w, https:\/\/josefinenilsson.se\/wp-content\/uploads\/2023\/05\/IMG_2045-2048x1536.jpg 2048w\" sizes=\"auto, (max-width: 1024px) 100vw, 1024px\" \/><\/figure>\n\n\n\n<figure class=\"wp-block-image size-large\"><img loading=\"lazy\" decoding=\"async\" width=\"1024\" height=\"768\" data-id=\"154\" src=\"http:\/\/josefinenilsson.se\/wp-content\/uploads\/2023\/05\/IMG_2047-1024x768.jpg\" alt=\"\" class=\"wp-image-154\" srcset=\"https:\/\/josefinenilsson.se\/wp-content\/uploads\/2023\/05\/IMG_2047-1024x768.jpg 1024w, https:\/\/josefinenilsson.se\/wp-content\/uploads\/2023\/05\/IMG_2047-300x225.jpg 300w, https:\/\/josefinenilsson.se\/wp-content\/uploads\/2023\/05\/IMG_2047-768x576.jpg 768w, https:\/\/josefinenilsson.se\/wp-content\/uploads\/2023\/05\/IMG_2047-1536x1152.jpg 1536w, https:\/\/josefinenilsson.se\/wp-content\/uploads\/2023\/05\/IMG_2047-2048x1536.jpg 2048w\" sizes=\"auto, (max-width: 1024px) 100vw, 1024px\" \/><\/figure>\n<\/figure>\n\n\n\n<p>Efter IKEA s\u00e5 tog vi taxi till Ol\u00e9 vilket \u00e4r ett finare supermarket som har mycket importerade varor. D\u00e4r gick vi runt en stund och vissa k\u00f6pte lite saker.<\/p>\n\n\n\n<figure class=\"wp-block-gallery has-nested-images columns-default is-cropped wp-block-gallery-2 is-layout-flex wp-block-gallery-is-layout-flex\">\n<figure class=\"wp-block-image size-large\"><img loading=\"lazy\" decoding=\"async\" width=\"1024\" height=\"768\" data-id=\"158\" src=\"http:\/\/josefinenilsson.se\/wp-content\/uploads\/2023\/05\/IMG_2049-1024x768.jpg\" alt=\"\" class=\"wp-image-158\" srcset=\"https:\/\/josefinenilsson.se\/wp-content\/uploads\/2023\/05\/IMG_2049-1024x768.jpg 1024w, https:\/\/josefinenilsson.se\/wp-content\/uploads\/2023\/05\/IMG_2049-300x225.jpg 300w, https:\/\/josefinenilsson.se\/wp-content\/uploads\/2023\/05\/IMG_2049-768x576.jpg 768w, https:\/\/josefinenilsson.se\/wp-content\/uploads\/2023\/05\/IMG_2049-1536x1152.jpg 1536w, https:\/\/josefinenilsson.se\/wp-content\/uploads\/2023\/05\/IMG_2049-2048x1536.jpg 2048w\" sizes=\"auto, (max-width: 1024px) 100vw, 1024px\" \/><\/figure>\n\n\n\n<figure class=\"wp-block-image size-large\"><img loading=\"lazy\" decoding=\"async\" width=\"1024\" height=\"768\" data-id=\"157\" src=\"http:\/\/josefinenilsson.se\/wp-content\/uploads\/2023\/05\/IMG_2058-1024x768.jpg\" alt=\"\" class=\"wp-image-157\" srcset=\"https:\/\/josefinenilsson.se\/wp-content\/uploads\/2023\/05\/IMG_2058-1024x768.jpg 1024w, https:\/\/josefinenilsson.se\/wp-content\/uploads\/2023\/05\/IMG_2058-300x225.jpg 300w, https:\/\/josefinenilsson.se\/wp-content\/uploads\/2023\/05\/IMG_2058-768x576.jpg 768w, https:\/\/josefinenilsson.se\/wp-content\/uploads\/2023\/05\/IMG_2058-1536x1152.jpg 1536w, https:\/\/josefinenilsson.se\/wp-content\/uploads\/2023\/05\/IMG_2058-2048x1536.jpg 2048w\" sizes=\"auto, (max-width: 1024px) 100vw, 1024px\" \/><\/figure>\n<\/figure>\n\n\n\n<p>N\u00e4r vi skulle hem s\u00e5 var klockan ca 16:20 vilket gjorde att det var n\u00e4stintill om\u00f6jligt att f\u00e5 tag p\u00e5 en taxi eftersom h\u00e4r i Ningbo har de skiftbyte f\u00f6r alla taxichaff\u00f6rer mellan 16:30-18:00, s\u00e5 i ca 30 minuter stod vi i \u00f6sregn och f\u00f6rs\u00f6kte f\u00e5 en taxi, tills vi tillslut gav upp och satte oss p\u00e5 Starbucks en stund f\u00f6r att torka och v\u00e4rma oss lite. Klockan 18:00 gav vi oss ut p\u00e5 gatorna igen, och det var vi inte ensamma om. Det k\u00e4ndes som att hela Ningbo letade efter en taxi precis samtidigt som oss. S\u00e5 d\u00e4r st\u00e5r vi, i \u00f6sregn och t\u00e4vlar mot alla kineser som vem som f\u00e5r taxi f\u00f6rst. Kineserna som var betydligt modigare \u00e4n oss och n\u00e4stan stod mitt i en supertrafikerad korsning fick s\u00e5klart taxi f\u00f6rst men efter m\u00e5nga om och men s\u00e5 satt vi \u00e4ntligen i taxin. Om jag inte n\u00e4mt det innan s\u00e5 n\u00e4mner jag det nu, taxichaff\u00f6rerna h\u00e4r k\u00f6r som galningar och vi h\u00f6ll p\u00e5 att krocka ett antal g\u00e5nger.<\/p>\n\n\n\n<p>V\u00e4l framme p\u00e5 campus tog jag en varm och v\u00e4lbeh\u00f6vlig dusch innan jag kr\u00f6p ner under t\u00e4cket och somnade i n\u00e5gon timma, och sen chillade vi resten av kv\u00e4llen.<a href=\"https:\/\/web.archive.org\/web\/20210508105256\/http:\/\/josefinenilsson.se\/author\/josefine\/\"><\/a><\/p>\n","protected":false},"excerpt":{"rendered":"<p>Ig\u00e5r var vi p\u00e5 IKEA h\u00e4r i Ningbo, vissa hade lite problem med taxiresan dit men v\u00e5r gick utan problem. V\u00e4l inne p\u00e5 IKEA s\u00e5 tog vi varsin varmkorv med br\u00f6d innan vi b\u00f6rjade unders\u00f6ka vad de hade f\u00f6r svensk mat d\u00e4r. Efter en stund kom \u00e4ven n\u00e5gra andra av v\u00e5ra kompisar dit och vi [&hellip;]<\/p>\n","protected":false},"author":1,"featured_media":159,"comment_status":"open","ping_status":"open","sticky":false,"template":"","format":"standard","meta":{"footnotes":""},"categories":[4],"tags":[5],"class_list":["post-152","post","type-post","status-publish","format-standard","has-post-thumbnail","hentry","category-resor","tag-kinaresan2014"],"_links":{"self":[{"href":"https:\/\/josefinenilsson.se\/index.php?rest_route=\/wp\/v2\/posts\/152","targetHints":{"allow":["GET"]}}],"collection":[{"href":"https:\/\/josefinenilsson.se\/index.php?rest_route=\/wp\/v2\/posts"}],"about":[{"href":"https:\/\/josefinenilsson.se\/index.php?rest_route=\/wp\/v2\/types\/post"}],"author":[{"embeddable":true,"href":"https:\/\/josefinenilsson.se\/index.php?rest_route=\/wp\/v2\/users\/1"}],"replies":[{"embeddable":true,"href":"https:\/\/josefinenilsson.se\/index.php?rest_route=%2Fwp%2Fv2%2Fcomments&post=152"}],"version-history":[{"count":1,"href":"https:\/\/josefinenilsson.se\/index.php?rest_route=\/wp\/v2\/posts\/152\/revisions"}],"predecessor-version":[{"id":160,"href":"https:\/\/josefinenilsson.se\/index.php?rest_route=\/wp\/v2\/posts\/152\/revisions\/160"}],"wp:featuredmedia":[{"embeddable":true,"href":"https:\/\/josefinenilsson.se\/index.php?rest_route=\/wp\/v2\/media\/159"}],"wp:attachment":[{"href":"https:\/\/josefinenilsson.se\/index.php?rest_route=%2Fwp%2Fv2%2Fmedia&parent=152"}],"wp:term":[{"taxonomy":"category","embeddable":true,"href":"https:\/\/josefinenilsson.se\/index.php?rest_route=%2Fwp%2Fv2%2Fcategories&post=152"},{"taxonomy":"post_tag","embeddable":true,"href":"https:\/\/josefinenilsson.se\/index.php?rest_route=%2Fwp%2Fv2%2Ftags&post=152"}],"curies":[{"name":"wp","href":"https:\/\/api.w.org\/{rel}","templated":true}]}}